{"id":5468,"date":"2025-09-08T09:35:24","date_gmt":"2025-09-08T15:35:24","guid":{"rendered":"https:\/\/otochcolibri.com\/?p=5468"},"modified":"2025-10-01T13:42:21","modified_gmt":"2025-10-01T19:42:21","slug":"grito-independencia-merida","status":"publish","type":"post","link":"https:\/\/otochcolibri.com\/en\/grito-independencia-merida","title":{"rendered":"A cry for independence with a local flavor: must-see experiences in M\u00e9rida"},"content":{"rendered":"\t\t<div data-elementor-type=\"wp-post\" data-elementor-id=\"5468\" class=\"elementor elementor-5468\" data-elementor-post-type=\"post\">\n\t\t\t\t<div class=\"elementor-element elementor-element-4c5bc7cc e-flex e-con-boxed e-con e-parent\" data-id=\"4c5bc7cc\" data-element_type=\"container\" data-e-type=\"container\" data-settings=\"{&quot;background_background&quot;:&quot;classic&quot;}\">\n\t\t\t\t\t<div class=\"e-con-inner\">\n\t\t<div class=\"elementor-element elementor-element-5bef38f8 e-con-full e-flex e-con e-child\" data-id=\"5bef38f8\" data-element_type=\"container\" data-e-type=\"container\" data-settings=\"{&quot;background_background&quot;:&quot;classic&quot;}\">\n\t\t\t\t<div class=\"elementor-element elementor-element-5be1252c elementor-widget elementor-widget-theme-post-title elementor-page-title elementor-widget-heading\" data-id=\"5be1252c\" data-element_type=\"widget\" data-e-type=\"widget\" data-widget_type=\"theme-post-title.default\">\n\t\t\t\t<div class=\"elementor-widget-container\">\n\t\t\t\t\t<h1 class=\"elementor-heading-title elementor-size-default\">Grito de independencia con sabor local: experiencias imperdibles en M\u00e9rida<\/h1>\t\t\t\t<\/div>\n\t\t\t\t<\/div>\n\t\t\t\t<div class=\"elementor-element elementor-element-53526ea0 elementor-widget elementor-widget-theme-post-excerpt\" data-id=\"53526ea0\" data-element_type=\"widget\" data-e-type=\"widget\" data-widget_type=\"theme-post-excerpt.default\">\n\t\t\t\t<div class=\"elementor-widget-container\">\n\t\t\t\t\tEl Grito en M\u00e9rida se celebra con m\u00fasica, antojitos, desfiles y cultura en plazas, museos y playas, creando un ambiente lleno de orgullo patrio.\t\t\t\t<\/div>\n\t\t\t\t<\/div>\n\t\t\t\t<div class=\"elementor-element elementor-element-4320128 elementor-mobile-align-center elementor-align-center elementor-widget__width-auto elementor-widget elementor-widget-post-info\" data-id=\"4320128\" data-element_type=\"widget\" data-e-type=\"widget\" data-widget_type=\"post-info.default\">\n\t\t\t\t<div class=\"elementor-widget-container\">\n\t\t\t\t\t\t\t<ul class=\"elementor-inline-items elementor-icon-list-items elementor-post-info\">\n\t\t\t\t\t\t\t\t<li class=\"elementor-icon-list-item elementor-repeater-item-ba9c996 elementor-inline-item\" itemprop=\"datePublished\">\n\t\t\t\t\t\t<a href=\"https:\/\/otochcolibri.com\/en\/2025\/09\/08\">\n\t\t\t\t\t\t\t\t\t\t\t<span class=\"elementor-icon-list-icon\">\n\t\t\t\t\t\t\t\t<svg aria-hidden=\"true\" class=\"e-font-icon-svg e-fas-calendar-alt\" viewBox=\"0 0 448 512\" xmlns=\"http:\/\/www.w3.org\/2000\/svg\"><path d=\"M0 464c0 26.5 21.5 48 48 48h352c26.5 0 48-21.5 48-48V192H0v272zm320-196c0-6.6 5.4-12 12-12h40c6.6 0 12 5.4 12 12v40c0 6.6-5.4 12-12 12h-40c-6.6 0-12-5.4-12-12v-40zm0 128c0-6.6 5.4-12 12-12h40c6.6 0 12 5.4 12 12v40c0 6.6-5.4 12-12 12h-40c-6.6 0-12-5.4-12-12v-40zM192 268c0-6.6 5.4-12 12-12h40c6.6 0 12 5.4 12 12v40c0 6.6-5.4 12-12 12h-40c-6.6 0-12-5.4-12-12v-40zm0 128c0-6.6 5.4-12 12-12h40c6.6 0 12 5.4 12 12v40c0 6.6-5.4 12-12 12h-40c-6.6 0-12-5.4-12-12v-40zM64 268c0-6.6 5.4-12 12-12h40c6.6 0 12 5.4 12 12v40c0 6.6-5.4 12-12 12H76c-6.6 0-12-5.4-12-12v-40zm0 128c0-6.6 5.4-12 12-12h40c6.6 0 12 5.4 12 12v40c0 6.6-5.4 12-12 12H76c-6.6 0-12-5.4-12-12v-40zM400 64h-48V16c0-8.8-7.2-16-16-16h-32c-8.8 0-16 7.2-16 16v48H160V16c0-8.8-7.2-16-16-16h-32c-8.8 0-16 7.2-16 16v48H48C21.5 64 0 85.5 0 112v48h448v-48c0-26.5-21.5-48-48-48z\"><\/path><\/svg>\t\t\t\t\t\t\t<\/span>\n\t\t\t\t\t\t\t\t\t<span class=\"elementor-icon-list-text elementor-post-info__item elementor-post-info__item--type-date\">\n\t\t\t\t\t\t\t\t\t\t<time>September 8, 2025<\/time>\t\t\t\t\t<\/span>\n\t\t\t\t\t\t\t\t\t<\/a>\n\t\t\t\t<\/li>\n\t\t\t\t<li class=\"elementor-icon-list-item elementor-repeater-item-96380f6 elementor-inline-item\">\n\t\t\t\t\t\t\t\t\t\t<span class=\"elementor-icon-list-icon\">\n\t\t\t\t\t\t\t\t<svg aria-hidden=\"true\" class=\"e-font-icon-svg e-fas-user\" viewBox=\"0 0 448 512\" xmlns=\"http:\/\/www.w3.org\/2000\/svg\"><path d=\"M224 256c70.7 0 128-57.3 128-128S294.7 0 224 0 96 57.3 96 128s57.3 128 128 128zm89.6 32h-16.7c-22.2 10.2-46.9 16-72.9 16s-50.6-5.8-72.9-16h-16.7C60.2 288 0 348.2 0 422.4V464c0 26.5 21.5 48 48 48h352c26.5 0 48-21.5 48-48v-41.6c0-74.2-60.2-134.4-134.4-134.4z\"><\/path><\/svg>\t\t\t\t\t\t\t<\/span>\n\t\t\t\t\t\t\t\t\t<span class=\"elementor-icon-list-text elementor-post-info__item elementor-post-info__item--type-custom\">\n\t\t\t\t\t\t\t\t\t\tPor: Michelle Fuentes\t\t\t\t\t<\/span>\n\t\t\t\t\t\t\t\t<\/li>\n\t\t\t\t<\/ul>\n\t\t\t\t\t\t<\/div>\n\t\t\t\t<\/div>\n\t\t\t\t<div class=\"elementor-element elementor-element-96c692d elementor-widget elementor-widget-theme-post-featured-image elementor-widget-image\" data-id=\"96c692d\" data-element_type=\"widget\" data-e-type=\"widget\" data-widget_type=\"theme-post-featured-image.default\">\n\t\t\t\t<div class=\"elementor-widget-container\">\n\t\t\t\t\t\t\t\t\t\t\t\t\t\t\t<img fetchpriority=\"high\" decoding=\"async\" width=\"1160\" height=\"700\" src=\"https:\/\/otochcolibri.com\/wp-content\/uploads\/2025\/09\/gente-noche-de-El-Grito-15-de-septiembre-Merida.jpg\" class=\"attachment-full size-full wp-image-5469\" alt=\"Grito de Independencia en M\u00e9rida\" srcset=\"https:\/\/otochcolibri.com\/wp-content\/uploads\/2025\/09\/gente-noche-de-El-Grito-15-de-septiembre-Merida.jpg 1160w, https:\/\/otochcolibri.com\/wp-content\/uploads\/2025\/09\/gente-noche-de-El-Grito-15-de-septiembre-Merida-300x181.jpg 300w, https:\/\/otochcolibri.com\/wp-content\/uploads\/2025\/09\/gente-noche-de-El-Grito-15-de-septiembre-Merida-1024x618.jpg 1024w, https:\/\/otochcolibri.com\/wp-content\/uploads\/2025\/09\/gente-noche-de-El-Grito-15-de-septiembre-Merida-768x463.jpg 768w, https:\/\/otochcolibri.com\/wp-content\/uploads\/2025\/09\/gente-noche-de-El-Grito-15-de-septiembre-Merida-18x12.jpg 18w\" sizes=\"(max-width: 1160px) 100vw, 1160px\" \/>\t\t\t\t\t\t\t\t\t\t\t\t\t\t\t<\/div>\n\t\t\t\t<\/div>\n\t\t\t\t<div class=\"elementor-element elementor-element-55af088 elementor-widget elementor-widget-heading\" data-id=\"55af088\" data-element_type=\"widget\" data-e-type=\"widget\" data-widget_type=\"heading.default\">\n\t\t\t\t<div class=\"elementor-widget-container\">\n\t\t\t\t\t<h5 class=\"elementor-heading-title elementor-size-default\">Fuente: Quadratin Yucat\u00e1n<\/h5>\t\t\t\t<\/div>\n\t\t\t\t<\/div>\n\t\t\t\t<\/div>\n\t\t\t\t\t<\/div>\n\t\t\t\t<\/div>\n\t\t<div class=\"elementor-element elementor-element-24d3068b e-flex e-con-boxed e-con e-parent\" data-id=\"24d3068b\" data-element_type=\"container\" data-e-type=\"container\">\n\t\t\t\t\t<div class=\"e-con-inner\">\n\t\t<div class=\"elementor-element elementor-element-64e14ba4 e-con-full e-flex e-con e-child\" data-id=\"64e14ba4\" data-element_type=\"container\" data-e-type=\"container\">\n\t\t\t\t<div class=\"elementor-element elementor-element-18206efe elementor-toc--minimized-on-tablet elementor-widget elementor-widget-table-of-contents\" data-id=\"18206efe\" data-element_type=\"widget\" data-e-type=\"widget\" data-settings=\"{&quot;exclude_headings_by_selector&quot;:[],&quot;headings_by_tags&quot;:[&quot;h2&quot;,&quot;h3&quot;,&quot;h4&quot;],&quot;no_headings_message&quot;:&quot;No headings were found on this page.&quot;,&quot;marker_view&quot;:&quot;bullets&quot;,&quot;icon&quot;:{&quot;value&quot;:&quot;fas fa-circle&quot;,&quot;library&quot;:&quot;fa-solid&quot;,&quot;rendered_tag&quot;:&quot;&lt;svg class=\\&quot;e-font-icon-svg e-fas-circle\\&quot; viewBox=\\&quot;0 0 512 512\\&quot; xmlns=\\&quot;http:\\\/\\\/www.w3.org\\\/2000\\\/svg\\&quot;&gt;&lt;path d=\\&quot;M256 8C119 8 8 119 8 256s111 248 248 248 248-111 248-248S393 8 256 8z\\&quot;&gt;&lt;\\\/path&gt;&lt;\\\/svg&gt;&quot;},&quot;minimize_box&quot;:&quot;yes&quot;,&quot;minimized_on&quot;:&quot;tablet&quot;,&quot;hierarchical_view&quot;:&quot;yes&quot;,&quot;min_height&quot;:{&quot;unit&quot;:&quot;px&quot;,&quot;size&quot;:&quot;&quot;,&quot;sizes&quot;:[]},&quot;min_height_tablet&quot;:{&quot;unit&quot;:&quot;px&quot;,&quot;size&quot;:&quot;&quot;,&quot;sizes&quot;:[]},&quot;min_height_mobile&quot;:{&quot;unit&quot;:&quot;px&quot;,&quot;size&quot;:&quot;&quot;,&quot;sizes&quot;:[]}}\" data-widget_type=\"table-of-contents.default\">\n\t\t\t\t<div class=\"elementor-widget-container\">\n\t\t\t\t\t\t\t\t\t<div class=\"elementor-toc__header\">\n\t\t\t\t\t\t<h5 class=\"elementor-toc__header-title\">\n\t\t\t\tContenido\t\t\t<\/h5>\n\t\t\t\t\t\t\t\t\t\t<div class=\"elementor-toc__toggle-button elementor-toc__toggle-button--expand\" role=\"button\" tabindex=\"0\" aria-controls=\"elementor-toc__18206efe\" aria-expanded=\"true\" aria-label=\"Open table of contents\"><svg aria-hidden=\"true\" class=\"e-font-icon-svg e-fas-chevron-down\" viewBox=\"0 0 448 512\" xmlns=\"http:\/\/www.w3.org\/2000\/svg\"><path d=\"M207.029 381.476L12.686 187.132c-9.373-9.373-9.373-24.569 0-33.941l22.667-22.667c9.357-9.357 24.522-9.375 33.901-.04L224 284.505l154.745-154.021c9.379-9.335 24.544-9.317 33.901.04l22.667 22.667c9.373 9.373 9.373 24.569 0 33.941L240.971 381.476c-9.373 9.372-24.569 9.372-33.942 0z\"><\/path><\/svg><\/div>\n\t\t\t\t<div class=\"elementor-toc__toggle-button elementor-toc__toggle-button--collapse\" role=\"button\" tabindex=\"0\" aria-controls=\"elementor-toc__18206efe\" aria-expanded=\"true\" aria-label=\"Close table of contents\"><svg aria-hidden=\"true\" class=\"e-font-icon-svg e-fas-chevron-up\" viewBox=\"0 0 448 512\" xmlns=\"http:\/\/www.w3.org\/2000\/svg\"><path d=\"M240.971 130.524l194.343 194.343c9.373 9.373 9.373 24.569 0 33.941l-22.667 22.667c-9.357 9.357-24.522 9.375-33.901.04L224 227.495 69.255 381.516c-9.379 9.335-24.544 9.317-33.901-.04l-22.667-22.667c-9.373-9.373-9.373-24.569 0-33.941L207.03 130.525c9.372-9.373 24.568-9.373 33.941-.001z\"><\/path><\/svg><\/div>\n\t\t\t\t\t<\/div>\n\t\t\t\t<div id=\"elementor-toc__18206efe\" class=\"elementor-toc__body\">\n\t\t\t<div class=\"elementor-toc__spinner-container\">\n\t\t\t\t<svg class=\"elementor-toc__spinner eicon-animation-spin e-font-icon-svg e-eicon-loading\" aria-hidden=\"true\" viewBox=\"0 0 1000 1000\" xmlns=\"http:\/\/www.w3.org\/2000\/svg\"><path d=\"M500 975V858C696 858 858 696 858 500S696 142 500 142 142 304 142 500H25C25 237 238 25 500 25S975 237 975 500 763 975 500 975Z\"><\/path><\/svg>\t\t\t<\/div>\n\t\t<\/div>\n\t\t\t\t\t\t<\/div>\n\t\t\t\t<\/div>\n\t\t\t\t<div class=\"elementor-element elementor-element-3738a24e elementor-widget elementor-widget-text-editor\" data-id=\"3738a24e\" data-element_type=\"widget\" data-e-type=\"widget\" data-widget_type=\"text-editor.default\">\n\t\t\t\t<div class=\"elementor-widget-container\">\n\t\t\t\t\t\t\t\t\t<h3 data-start=\"181\" data-end=\"221\">Una ciudad que vibra en septiembre<\/h3><p data-start=\"222\" data-end=\"732\">El Grito de Independencia en M\u00e9rida es una de las celebraciones m\u00e1s esperadas del a\u00f1o, un momento en el que la ciudad se llena de color, m\u00fasica y tradici\u00f3n. Durante todo septiembre, las calles, plazas y restaurantes se transforman para ofrecer a locales y visitantes una experiencia \u00fanica que combina historia, gastronom\u00eda y cultura. Cada rinc\u00f3n de la ciudad respira el esp\u00edritu patrio, desde el centro hist\u00f3rico hasta los hoteles m\u00e1s exclusivos, creando el escenario perfecto para vivir el orgullo mexicano.<\/p><h3 data-start=\"734\" data-end=\"780\">La Plaza Grande: el coraz\u00f3n de la fiesta<\/h3><p data-start=\"781\" data-end=\"1554\">La Plaza Grande se convierte en el coraz\u00f3n de la celebraci\u00f3n. Cada 15 de septiembre, miles de personas se re\u00fanen frente al Palacio de Gobierno para presenciar el tradicional \u201cGrito de Independencia\u201d, encabezado por la gobernadora desde el balc\u00f3n principal. El ambiente es vibrante: luces, banderas, m\u00fasica en vivo y un mar de familias que llegan para compartir este momento hist\u00f3rico. Este a\u00f1o, el espect\u00e1culo estar\u00e1 acompa\u00f1ado por un concierto de Calibre 50, que promete encender la noche con su estilo norte\u00f1o-banda y hacer cantar a todos los presentes. Al d\u00eda siguiente, el 16 de septiembre, M\u00e9rida honra la tradici\u00f3n con el desfile c\u00edvico-militar, donde estudiantes, autoridades y fuerzas armadas participan en un recorrido lleno de emoci\u00f3n y respeto por la historia.<\/p><h3 data-start=\"1556\" data-end=\"1609\">Arte y cultura para complementar la experiencia<\/h3><p data-start=\"1610\" data-end=\"2206\">Para quienes desean complementar la experiencia con un poco de arte y cultura, M\u00e9rida ofrece opciones imperdibles. El Teatro Pe\u00f3n Contreras, \u00edcono arquitect\u00f3nico de la ciudad, organiza durante estas fechas espect\u00e1culos que celebran la identidad mexicana, desde presentaciones de danza folcl\u00f3rica hasta conciertos de m\u00fasica tradicional. El Gran Museo del Mundo Maya, por su parte, se suma a las festividades con exposiciones especiales y actividades interactivas que conectan la herencia maya con la cultura mexicana contempor\u00e1nea, creando un espacio donde el pasado y el presente se encuentran.<\/p><h3 data-start=\"2208\" data-end=\"2242\">Gastronom\u00eda con sabor patrio<\/h3><p data-start=\"2243\" data-end=\"3107\">La gastronom\u00eda es, sin duda, una parte esencial de estas fechas, y M\u00e9rida lo sabe aprovechar. Las calles del centro hist\u00f3rico se llenan de puestos que ofrecen antojitos t\u00edpicos como cochinita pibil, panuchos, salbutes y marquesitas, perfectos para quienes buscan sabores aut\u00e9nticos y locales. Sin embargo, para quienes prefieren una experiencia m\u00e1s sofisticada, varios restaurantes de la ciudad preparan cenas tem\u00e1ticas especialmente pensadas para esta noche. Uno de los lugares m\u00e1s recomendados es Avelino &amp; Mar\u00eda, ubicado en la hist\u00f3rica Quinta Montes Molina, que ofrece el men\u00fa especial \u201cSabores de Libertad\u201d: tostadas de tinga y picadillo, chiles en nogada, cazuela de pozole y un delicioso pastel de tres leches, todo en un ambiente \u00edntimo acompa\u00f1ado de mariachi en vivo. Esta experiencia combina lo mejor de la cocina mexicana con un toque de exclusividad.<\/p><h3 data-start=\"3109\" data-end=\"3150\">Celebraciones m\u00e1s all\u00e1 de la ciudad<\/h3><p data-start=\"3151\" data-end=\"3825\">Si prefieres un ambiente m\u00e1s relajado, M\u00e9rida y sus alrededores tienen opciones encantadoras. Municipios como Valladolid, Ticul y Progreso organizan celebraciones m\u00e1s \u00edntimas, con actividades culturales, m\u00fasica en vivo y fuegos artificiales. En especial, Progreso ofrece un escenario \u00fanico: ver los fuegos artificiales reflejados en el mar mientras disfrutas de la brisa costera es una experiencia dif\u00edcil de olvidar. Dentro de M\u00e9rida, espacios como el Parque de Santa Luc\u00eda y el Parque de Santiago se iluminan durante las \u201cnoches mexicanas\u201d, donde la m\u00fasica, los bailes regionales y los antojitos t\u00edpicos crean un ambiente perfecto para disfrutar en familia o con amigos.<\/p>\t\t\t\t\t\t\t\t<\/div>\n\t\t\t\t<\/div>\n\t\t\t\t<div class=\"elementor-element elementor-element-bac1841 elementor-widget elementor-widget-image\" data-id=\"bac1841\" data-element_type=\"widget\" data-e-type=\"widget\" data-widget_type=\"image.default\">\n\t\t\t\t<div class=\"elementor-widget-container\">\n\t\t\t\t\t\t\t\t\t\t\t\t\t\t\t<img decoding=\"async\" width=\"1024\" height=\"777\" src=\"https:\/\/otochcolibri.com\/wp-content\/uploads\/2025\/09\/457523242_854099580182497_1028335882363215541_n-1024x777-1.webp\" class=\"attachment-large size-large wp-image-5471\" alt=\"\" srcset=\"https:\/\/otochcolibri.com\/wp-content\/uploads\/2025\/09\/457523242_854099580182497_1028335882363215541_n-1024x777-1.webp 1024w, https:\/\/otochcolibri.com\/wp-content\/uploads\/2025\/09\/457523242_854099580182497_1028335882363215541_n-1024x777-1-300x228.webp 300w, https:\/\/otochcolibri.com\/wp-content\/uploads\/2025\/09\/457523242_854099580182497_1028335882363215541_n-1024x777-1-768x583.webp 768w, https:\/\/otochcolibri.com\/wp-content\/uploads\/2025\/09\/457523242_854099580182497_1028335882363215541_n-1024x777-1-16x12.webp 16w\" sizes=\"(max-width: 1024px) 100vw, 1024px\" \/>\t\t\t\t\t\t\t\t\t\t\t\t\t\t\t<\/div>\n\t\t\t\t<\/div>\n\t\t\t\t<div class=\"elementor-element elementor-element-ef65d58 elementor-widget elementor-widget-heading\" data-id=\"ef65d58\" data-element_type=\"widget\" data-e-type=\"widget\" data-widget_type=\"heading.default\">\n\t\t\t\t<div class=\"elementor-widget-container\">\n\t\t\t\t\t<h5 class=\"elementor-heading-title elementor-size-default\">Fuente: Descubro.mx<\/h5>\t\t\t\t<\/div>\n\t\t\t\t<\/div>\n\t\t\t\t<div class=\"elementor-element elementor-element-2f45565 elementor-widget elementor-widget-n-accordion\" data-id=\"2f45565\" data-element_type=\"widget\" data-e-type=\"widget\" data-settings=\"{&quot;default_state&quot;:&quot;all_collapsed&quot;,&quot;max_items_expended&quot;:&quot;one&quot;,&quot;n_accordion_animation_duration&quot;:{&quot;unit&quot;:&quot;ms&quot;,&quot;size&quot;:400,&quot;sizes&quot;:[]}}\" data-widget_type=\"nested-accordion.default\">\n\t\t\t\t<div class=\"elementor-widget-container\">\n\t\t\t\t\t\t\t<div class=\"e-n-accordion\" aria-label=\"Accordion. Open links with Enter or Space, close with Escape, and navigate with Arrow Keys\">\n\t\t\t\t\t\t<details id=\"e-n-accordion-item-4950\" class=\"e-n-accordion-item\" >\n\t\t\t\t<summary class=\"e-n-accordion-item-title\" data-accordion-index=\"1\" tabindex=\"0\" aria-expanded=\"false\" aria-controls=\"e-n-accordion-item-4950\" >\n\t\t\t\t\t<span class='e-n-accordion-item-title-header'><div class=\"e-n-accordion-item-title-text\"> Referencias <\/div><\/span>\n\t\t\t\t\t\t\t<span class='e-n-accordion-item-title-icon'>\n\t\t\t<span class='e-opened' ><svg aria-hidden=\"true\" class=\"e-font-icon-svg e-fas-angle-double-down\" viewBox=\"0 0 320 512\" xmlns=\"http:\/\/www.w3.org\/2000\/svg\"><path d=\"M143 256.3L7 120.3c-9.4-9.4-9.4-24.6 0-33.9l22.6-22.6c9.4-9.4 24.6-9.4 33.9 0l96.4 96.4 96.4-96.4c9.4-9.4 24.6-9.4 33.9 0L313 86.3c9.4 9.4 9.4 24.6 0 33.9l-136 136c-9.4 9.5-24.6 9.5-34 .1zm34 192l136-136c9.4-9.4 9.4-24.6 0-33.9l-22.6-22.6c-9.4-9.4-24.6-9.4-33.9 0L160 352.1l-96.4-96.4c-9.4-9.4-24.6-9.4-33.9 0L7 278.3c-9.4 9.4-9.4 24.6 0 33.9l136 136c9.4 9.5 24.6 9.5 34 .1z\"><\/path><\/svg><\/span>\n\t\t\t<span class='e-closed'><svg aria-hidden=\"true\" class=\"e-font-icon-svg e-fas-angle-double-right\" viewBox=\"0 0 448 512\" xmlns=\"http:\/\/www.w3.org\/2000\/svg\"><path d=\"M224.3 273l-136 136c-9.4 9.4-24.6 9.4-33.9 0l-22.6-22.6c-9.4-9.4-9.4-24.6 0-33.9l96.4-96.4-96.4-96.4c-9.4-9.4-9.4-24.6 0-33.9L54.3 103c9.4-9.4 24.6-9.4 33.9 0l136 136c9.5 9.4 9.5 24.6.1 34zm192-34l-136-136c-9.4-9.4-24.6-9.4-33.9 0l-22.6 22.6c-9.4 9.4-9.4 24.6 0 33.9l96.4 96.4-96.4 96.4c-9.4 9.4-9.4 24.6 0 33.9l22.6 22.6c9.4 9.4 24.6 9.4 33.9 0l136-136c9.4-9.2 9.4-24.4 0-33.8z\"><\/path><\/svg><\/span>\n\t\t<\/span>\n\n\t\t\t\t\t\t<\/summary>\n\t\t\t\t<div role=\"region\" aria-labelledby=\"e-n-accordion-item-4950\" class=\"elementor-element elementor-element-5277c90 e-con-full e-flex e-con e-child\" data-id=\"5277c90\" data-element_type=\"container\" data-e-type=\"container\">\n\t\t\t\t<div class=\"elementor-element elementor-element-d27f371 elementor-widget elementor-widget-text-editor\" data-id=\"d27f371\" data-element_type=\"widget\" data-e-type=\"widget\" data-widget_type=\"text-editor.default\">\n\t\t\t\t<div class=\"elementor-widget-container\">\n\t\t\t\t\t\t\t\t\t<ul><li>https:\/\/www.posta.com.mx\/mexico\/donde-festejar-el-grito-de-<br \/>independencia-en-merida\/vl1612469<\/li><li>https:\/\/lachispa.mx\/nacional\/yucatan\/lugares-gratuitos-para-festejar-<br \/>el-grito-en-yucatan\/<\/li><\/ul>\t\t\t\t\t\t\t\t<\/div>\n\t\t\t\t<\/div>\n\t\t\t\t<\/div>\n\t\t\t\t\t<\/details>\n\t\t\t\t\t<\/div>\n\t\t\t\t\t\t<\/div>\n\t\t\t\t<\/div>\n\t\t\t\t<div class=\"elementor-element elementor-element-7b3ad18a elementor-widget-divider--view-line elementor-widget elementor-widget-divider\" data-id=\"7b3ad18a\" data-element_type=\"widget\" data-e-type=\"widget\" data-widget_type=\"divider.default\">\n\t\t\t\t<div class=\"elementor-widget-container\">\n\t\t\t\t\t\t\t<div class=\"elementor-divider\">\n\t\t\t<span class=\"elementor-divider-separator\">\n\t\t\t\t\t\t<\/span>\n\t\t<\/div>\n\t\t\t\t\t\t<\/div>\n\t\t\t\t<\/div>\n\t\t\t\t<div class=\"elementor-element elementor-element-522a119f elementor-post-navigation-borders-yes elementor-widget elementor-widget-post-navigation\" data-id=\"522a119f\" data-element_type=\"widget\" data-e-type=\"widget\" data-widget_type=\"post-navigation.default\">\n\t\t\t\t<div class=\"elementor-widget-container\">\n\t\t\t\t\t\t\t<div class=\"elementor-post-navigation\" role=\"navigation\" aria-label=\"Post Navigation\">\n\t\t\t<div class=\"elementor-post-navigation__prev elementor-post-navigation__link\">\n\t\t\t\t<a href=\"https:\/\/otochcolibri.com\/en\/creatividad-en-merida\" rel=\"prev\"><span class=\"post-navigation__arrow-wrapper post-navigation__arrow-prev\"><svg aria-hidden=\"true\" class=\"e-font-icon-svg e-fas-angle-left\" viewBox=\"0 0 256 512\" xmlns=\"http:\/\/www.w3.org\/2000\/svg\"><path d=\"M31.7 239l136-136c9.4-9.4 24.6-9.4 33.9 0l22.6 22.6c9.4 9.4 9.4 24.6 0 33.9L127.9 256l96.4 96.4c9.4 9.4 9.4 24.6 0 33.9L201.7 409c-9.4 9.4-24.6 9.4-33.9 0l-136-136c-9.5-9.4-9.5-24.6-.1-34z\"><\/path><\/svg><span class=\"elementor-screen-only\">Prev<\/span><\/span><span class=\"elementor-post-navigation__link__prev\"><span class=\"post-navigation__prev--label\">Anterior<\/span><span class=\"post-navigation__prev--title\">La ola creativa en M\u00e9rida: dise\u00f1o, arte y arquitectura.<\/span><\/span><\/a>\t\t\t<\/div>\n\t\t\t\t\t\t\t<div class=\"elementor-post-navigation__separator-wrapper\">\n\t\t\t\t\t<div class=\"elementor-post-navigation__separator\"><\/div>\n\t\t\t\t<\/div>\n\t\t\t\t\t\t<div class=\"elementor-post-navigation__next elementor-post-navigation__link\">\n\t\t\t\t<a href=\"https:\/\/otochcolibri.com\/en\/equinoccio-otono-chichen-itza\" rel=\"next\"><span class=\"elementor-post-navigation__link__next\"><span class=\"post-navigation__next--label\">Siguiente<\/span><span class=\"post-navigation__next--title\">Equinoccio de oto\u00f1o en Chich\u00e9n Itz\u00e1: gu\u00eda para aprovechar el fen\u00f3meno cultural.<\/span><\/span><span class=\"post-navigation__arrow-wrapper post-navigation__arrow-next\"><svg aria-hidden=\"true\" class=\"e-font-icon-svg e-fas-angle-right\" viewBox=\"0 0 256 512\" xmlns=\"http:\/\/www.w3.org\/2000\/svg\"><path d=\"M224.3 273l-136 136c-9.4 9.4-24.6 9.4-33.9 0l-22.6-22.6c-9.4-9.4-9.4-24.6 0-33.9l96.4-96.4-96.4-96.4c-9.4-9.4-9.4-24.6 0-33.9L54.3 103c9.4-9.4 24.6-9.4 33.9 0l136 136c9.5 9.4 9.5 24.6.1 34z\"><\/path><\/svg><span class=\"elementor-screen-only\">Next<\/span><\/span><\/a>\t\t\t<\/div>\n\t\t<\/div>\n\t\t\t\t\t\t<\/div>\n\t\t\t\t<\/div>\n\t\t\t\t<\/div>\n\t\t<div class=\"elementor-element elementor-element-25818104 e-con-full e-flex e-con e-child\" data-id=\"25818104\" data-element_type=\"container\" data-e-type=\"container\">\n\t\t<div class=\"elementor-element elementor-element-b154137 e-con-full e-flex e-con e-child\" data-id=\"b154137\" data-element_type=\"container\" data-e-type=\"container\">\n\t\t<div class=\"elementor-element elementor-element-061acc4 e-con-full e-flex e-con e-child\" data-id=\"061acc4\" data-element_type=\"container\" data-e-type=\"container\">\n\t\t\t\t<div class=\"elementor-element elementor-element-11ea974 elementor-widget__width-auto elementor-widget elementor-widget-heading\" data-id=\"11ea974\" data-element_type=\"widget\" data-e-type=\"widget\" data-widget_type=\"heading.default\">\n\t\t\t\t<div class=\"elementor-widget-container\">\n\t\t\t\t\t<h6 class=\"elementor-heading-title elementor-size-default\">Comparte este art\u00edculo<\/h6>\t\t\t\t<\/div>\n\t\t\t\t<\/div>\n\t\t\t\t<div class=\"elementor-element elementor-element-37804c4 elementor-grid-5 elementor-grid-mobile-5 elementor-share-buttons--view-icon elementor-share-buttons--shape-rounded elementor-share-buttons--skin-gradient elementor-share-buttons--color-official elementor-widget elementor-widget-share-buttons\" data-id=\"37804c4\" data-element_type=\"widget\" data-e-type=\"widget\" data-settings=\"{&quot;share_url&quot;:{&quot;url&quot;:&quot;&quot;,&quot;is_external&quot;:&quot;&quot;,&quot;nofollow&quot;:&quot;&quot;,&quot;custom_attributes&quot;:&quot;&quot;}}\" data-widget_type=\"share-buttons.default\">\n\t\t\t\t<div class=\"elementor-widget-container\">\n\t\t\t\t\t\t\t<div class=\"elementor-grid\" role=\"list\">\n\t\t\t\t\t\t\t\t<div class=\"elementor-grid-item\" role=\"listitem\">\n\t\t\t\t\t\t<div class=\"elementor-share-btn elementor-share-btn_facebook\" role=\"button\" tabindex=\"0\" aria-label=\"Share on facebook\">\n\t\t\t\t\t\t\t\t\t\t\t\t\t\t\t<span class=\"elementor-share-btn__icon\">\n\t\t\t\t\t\t\t\t<svg aria-hidden=\"true\" class=\"e-font-icon-svg e-fab-facebook\" viewBox=\"0 0 512 512\" xmlns=\"http:\/\/www.w3.org\/2000\/svg\"><path d=\"M504 256C504 119 393 8 256 8S8 119 8 256c0 123.78 90.69 226.38 209.25 245V327.69h-63V256h63v-54.64c0-62.15 37-96.48 93.67-96.48 27.14 0 55.52 4.84 55.52 4.84v61h-31.28c-30.8 0-40.41 19.12-40.41 38.73V256h68.78l-11 71.69h-57.78V501C413.31 482.38 504 379.78 504 256z\"><\/path><\/svg>\t\t\t\t\t\t\t<\/span>\n\t\t\t\t\t\t\t\t\t\t\t\t\t\t\t\t\t\t\t\t<\/div>\n\t\t\t\t\t<\/div>\n\t\t\t\t\t\t\t\t\t<div class=\"elementor-grid-item\" role=\"listitem\">\n\t\t\t\t\t\t<div class=\"elementor-share-btn elementor-share-btn_whatsapp\" role=\"button\" tabindex=\"0\" aria-label=\"Share on whatsapp\">\n\t\t\t\t\t\t\t\t\t\t\t\t\t\t\t<span class=\"elementor-share-btn__icon\">\n\t\t\t\t\t\t\t\t<svg aria-hidden=\"true\" class=\"e-font-icon-svg e-fab-whatsapp\" viewBox=\"0 0 448 512\" xmlns=\"http:\/\/www.w3.org\/2000\/svg\"><path d=\"M380.9 97.1C339 55.1 283.2 32 223.9 32c-122.4 0-222 99.6-222 222 0 39.1 10.2 77.3 29.6 111L0 480l117.7-30.9c32.4 17.7 68.9 27 106.1 27h.1c122.3 0 224.1-99.6 224.1-222 0-59.3-25.2-115-67.1-157zm-157 341.6c-33.2 0-65.7-8.9-94-25.7l-6.7-4-69.8 18.3L72 359.2l-4.4-7c-18.5-29.4-28.2-63.3-28.2-98.2 0-101.7 82.8-184.5 184.6-184.5 49.3 0 95.6 19.2 130.4 54.1 34.8 34.9 56.2 81.2 56.1 130.5 0 101.8-84.9 184.6-186.6 184.6zm101.2-138.2c-5.5-2.8-32.8-16.2-37.9-18-5.1-1.9-8.8-2.8-12.5 2.8-3.7 5.6-14.3 18-17.6 21.8-3.2 3.7-6.5 4.2-12 1.4-32.6-16.3-54-29.1-75.5-66-5.7-9.8 5.7-9.1 16.3-30.3 1.8-3.7.9-6.9-.5-9.7-1.4-2.8-12.5-30.1-17.1-41.2-4.5-10.8-9.1-9.3-12.5-9.5-3.2-.2-6.9-.2-10.6-.2-3.7 0-9.7 1.4-14.8 6.9-5.1 5.6-19.4 19-19.4 46.3 0 27.3 19.9 53.7 22.6 57.4 2.8 3.7 39.1 59.7 94.8 83.8 35.2 15.2 49 16.5 66.6 13.9 10.7-1.6 32.8-13.4 37.4-26.4 4.6-13 4.6-24.1 3.2-26.4-1.3-2.5-5-3.9-10.5-6.6z\"><\/path><\/svg>\t\t\t\t\t\t\t<\/span>\n\t\t\t\t\t\t\t\t\t\t\t\t\t\t\t\t\t\t\t\t<\/div>\n\t\t\t\t\t<\/div>\n\t\t\t\t\t\t\t\t\t<div class=\"elementor-grid-item\" role=\"listitem\">\n\t\t\t\t\t\t<div class=\"elementor-share-btn elementor-share-btn_twitter\" role=\"button\" tabindex=\"0\" aria-label=\"Share on twitter\">\n\t\t\t\t\t\t\t\t\t\t\t\t\t\t\t<span class=\"elementor-share-btn__icon\">\n\t\t\t\t\t\t\t\t<svg aria-hidden=\"true\" class=\"e-font-icon-svg e-fab-twitter\" viewBox=\"0 0 512 512\" xmlns=\"http:\/\/www.w3.org\/2000\/svg\"><path d=\"M459.37 151.716c.325 4.548.325 9.097.325 13.645 0 138.72-105.583 298.558-298.558 298.558-59.452 0-114.68-17.219-161.137-47.106 8.447.974 16.568 1.299 25.34 1.299 49.055 0 94.213-16.568 130.274-44.832-46.132-.975-84.792-31.188-98.112-72.772 6.498.974 12.995 1.624 19.818 1.624 9.421 0 18.843-1.3 27.614-3.573-48.081-9.747-84.143-51.98-84.143-102.985v-1.299c13.969 7.797 30.214 12.67 47.431 13.319-28.264-18.843-46.781-51.005-46.781-87.391 0-19.492 5.197-37.36 14.294-52.954 51.655 63.675 129.3 105.258 216.365 109.807-1.624-7.797-2.599-15.918-2.599-24.04 0-57.828 46.782-104.934 104.934-104.934 30.213 0 57.502 12.67 76.67 33.137 23.715-4.548 46.456-13.32 66.599-25.34-7.798 24.366-24.366 44.833-46.132 57.827 21.117-2.273 41.584-8.122 60.426-16.243-14.292 20.791-32.161 39.308-52.628 54.253z\"><\/path><\/svg>\t\t\t\t\t\t\t<\/span>\n\t\t\t\t\t\t\t\t\t\t\t\t\t\t\t\t\t\t\t\t<\/div>\n\t\t\t\t\t<\/div>\n\t\t\t\t\t\t\t\t\t<div class=\"elementor-grid-item\" role=\"listitem\">\n\t\t\t\t\t\t<div class=\"elementor-share-btn elementor-share-btn_linkedin\" role=\"button\" tabindex=\"0\" aria-label=\"Share on linkedin\">\n\t\t\t\t\t\t\t\t\t\t\t\t\t\t\t<span class=\"elementor-share-btn__icon\">\n\t\t\t\t\t\t\t\t<svg aria-hidden=\"true\" class=\"e-font-icon-svg e-fab-linkedin\" viewBox=\"0 0 448 512\" xmlns=\"http:\/\/www.w3.org\/2000\/svg\"><path d=\"M416 32H31.9C14.3 32 0 46.5 0 64.3v383.4C0 465.5 14.3 480 31.9 480H416c17.6 0 32-14.5 32-32.3V64.3c0-17.8-14.4-32.3-32-32.3zM135.4 416H69V202.2h66.5V416zm-33.2-243c-21.3 0-38.5-17.3-38.5-38.5S80.9 96 102.2 96c21.2 0 38.5 17.3 38.5 38.5 0 21.3-17.2 38.5-38.5 38.5zm282.1 243h-66.4V312c0-24.8-.5-56.7-34.5-56.7-34.6 0-39.9 27-39.9 54.9V416h-66.4V202.2h63.7v29.2h.9c8.9-16.8 30.6-34.5 62.9-34.5 67.2 0 79.7 44.3 79.7 101.9V416z\"><\/path><\/svg>\t\t\t\t\t\t\t<\/span>\n\t\t\t\t\t\t\t\t\t\t\t\t\t\t\t\t\t\t\t\t<\/div>\n\t\t\t\t\t<\/div>\n\t\t\t\t\t\t\t\t\t<div class=\"elementor-grid-item\" role=\"listitem\">\n\t\t\t\t\t\t<div class=\"elementor-share-btn elementor-share-btn_pinterest\" role=\"button\" tabindex=\"0\" aria-label=\"Share on pinterest\">\n\t\t\t\t\t\t\t\t\t\t\t\t\t\t\t<span class=\"elementor-share-btn__icon\">\n\t\t\t\t\t\t\t\t<svg aria-hidden=\"true\" class=\"e-font-icon-svg e-fab-pinterest\" viewBox=\"0 0 496 512\" xmlns=\"http:\/\/www.w3.org\/2000\/svg\"><path d=\"M496 256c0 137-111 248-248 248-25.6 0-50.2-3.9-73.4-11.1 10.1-16.5 25.2-43.5 30.8-65 3-11.6 15.4-59 15.4-59 8.1 15.4 31.7 28.5 56.8 28.5 74.8 0 128.7-68.8 128.7-154.3 0-81.9-66.9-143.2-152.9-143.2-107 0-163.9 71.8-163.9 150.1 0 36.4 19.4 81.7 50.3 96.1 4.7 2.2 7.2 1.2 8.3-3.3.8-3.4 5-20.3 6.9-28.1.6-2.5.3-4.7-1.7-7.1-10.1-12.5-18.3-35.3-18.3-56.6 0-54.7 41.4-107.6 112-107.6 60.9 0 103.6 41.5 103.6 100.9 0 67.1-33.9 113.6-78 113.6-24.3 0-42.6-20.1-36.7-44.8 7-29.5 20.5-61.3 20.5-82.6 0-19-10.2-34.9-31.4-34.9-24.9 0-44.9 25.7-44.9 60.2 0 22 7.4 36.8 7.4 36.8s-24.5 103.8-29 123.2c-5 21.4-3 51.6-.9 71.2C65.4 450.9 0 361.1 0 256 0 119 111 8 248 8s248 111 248 248z\"><\/path><\/svg>\t\t\t\t\t\t\t<\/span>\n\t\t\t\t\t\t\t\t\t\t\t\t\t\t\t\t\t\t\t\t<\/div>\n\t\t\t\t\t<\/div>\n\t\t\t\t\t\t<\/div>\n\t\t\t\t\t\t<\/div>\n\t\t\t\t<\/div>\n\t\t\t\t<div class=\"elementor-element elementor-element-ee0c839 elementor-widget__width-auto elementor-widget elementor-widget-heading\" data-id=\"ee0c839\" data-element_type=\"widget\" data-e-type=\"widget\" data-widget_type=\"heading.default\">\n\t\t\t\t<div class=\"elementor-widget-container\">\n\t\t\t\t\t<h6 class=\"elementor-heading-title elementor-size-default\">Art\u00edculos recientes<\/h6>\t\t\t\t<\/div>\n\t\t\t\t<\/div>\n\t\t\t\t<div class=\"elementor-element elementor-element-4070af3 elementor-grid-1 elementor-posts--thumbnail-left elementor-posts--align-left elementor-grid-tablet-2 elementor-grid-mobile-1 elementor-widget elementor-widget-posts\" data-id=\"4070af3\" data-element_type=\"widget\" data-e-type=\"widget\" data-settings=\"{&quot;classic_columns&quot;:&quot;1&quot;,&quot;classic_row_gap&quot;:{&quot;unit&quot;:&quot;px&quot;,&quot;size&quot;:40,&quot;sizes&quot;:[]},&quot;classic_columns_tablet&quot;:&quot;2&quot;,&quot;classic_columns_mobile&quot;:&quot;1&quot;,&quot;classic_row_gap_tablet&quot;:{&quot;unit&quot;:&quot;px&quot;,&quot;size&quot;:&quot;&quot;,&quot;sizes&quot;:[]},&quot;classic_row_gap_mobile&quot;:{&quot;unit&quot;:&quot;px&quot;,&quot;size&quot;:&quot;&quot;,&quot;sizes&quot;:[]}}\" data-widget_type=\"posts.classic\">\n\t\t\t\t<div class=\"elementor-widget-container\">\n\t\t\t\t\t\t\t<div class=\"elementor-posts-container elementor-posts elementor-posts--skin-classic elementor-grid\" role=\"list\">\n\t\t\t\t<article class=\"elementor-post elementor-grid-item post-8852 post type-post status-publish format-standard has-post-thumbnail hentry category-inversion-inmobiliaria\" role=\"listitem\">\n\t\t\t\t<a class=\"elementor-post__thumbnail__link\" href=\"https:\/\/otochcolibri.com\/en\/vienes-a-expo-decosureste-2026-tu-hospedaje-en-merida-importa-mas-de-lo-que-crees-copy\" tabindex=\"-1\" >\n\t\t\t<div class=\"elementor-post__thumbnail\"><img decoding=\"async\" width=\"1024\" height=\"509\" src=\"https:\/\/otochcolibri.com\/wp-content\/uploads\/2026\/04\/crowd-partying-stage-lights-live-concert-summer-mu-2026-03-24-15-36-31-utc-1024x509.jpg\" class=\"attachment-large size-large wp-image-8859\" alt=\"kenia os\" srcset=\"https:\/\/otochcolibri.com\/wp-content\/uploads\/2026\/04\/crowd-partying-stage-lights-live-concert-summer-mu-2026-03-24-15-36-31-utc-1024x509.jpg 1024w, https:\/\/otochcolibri.com\/wp-content\/uploads\/2026\/04\/crowd-partying-stage-lights-live-concert-summer-mu-2026-03-24-15-36-31-utc-300x149.jpg 300w, https:\/\/otochcolibri.com\/wp-content\/uploads\/2026\/04\/crowd-partying-stage-lights-live-concert-summer-mu-2026-03-24-15-36-31-utc-768x382.jpg 768w, https:\/\/otochcolibri.com\/wp-content\/uploads\/2026\/04\/crowd-partying-stage-lights-live-concert-summer-mu-2026-03-24-15-36-31-utc-1536x763.jpg 1536w, https:\/\/otochcolibri.com\/wp-content\/uploads\/2026\/04\/crowd-partying-stage-lights-live-concert-summer-mu-2026-03-24-15-36-31-utc-2048x1018.jpg 2048w, https:\/\/otochcolibri.com\/wp-content\/uploads\/2026\/04\/crowd-partying-stage-lights-live-concert-summer-mu-2026-03-24-15-36-31-utc-18x9.jpg 18w\" sizes=\"(max-width: 1024px) 100vw, 1024px\" \/><\/div>\n\t\t<\/a>\n\t\t\t\t<div class=\"elementor-post__text\">\n\t\t\t\t<h6 class=\"elementor-post__title\">\n\t\t\t<a href=\"https:\/\/otochcolibri.com\/en\/vienes-a-expo-decosureste-2026-tu-hospedaje-en-merida-importa-mas-de-lo-que-crees-copy\" >\n\t\t\t\tVienes al concierto de Kenia OS: elige bien tu hospedaje en M\u00e9rida\t\t\t<\/a>\n\t\t<\/h6>\n\t\t\t\t<div class=\"elementor-post__meta-data\">\n\t\t\t\t\t<span class=\"elementor-post-date\">\n\t\t\t27\/04\/2026\t\t<\/span>\n\t\t\t\t<\/div>\n\t\t\t\t<\/div>\n\t\t\t\t<\/article>\n\t\t\t\t<article class=\"elementor-post elementor-grid-item post-8542 post type-post status-publish format-standard has-post-thumbnail hentry category-inversion-inmobiliaria\" role=\"listitem\">\n\t\t\t\t<a class=\"elementor-post__thumbnail__link\" href=\"https:\/\/otochcolibri.com\/en\/hospedaje-merida-expo-decosureste\" tabindex=\"-1\" >\n\t\t\t<div class=\"elementor-post__thumbnail\"><img loading=\"lazy\" decoding=\"async\" width=\"1024\" height=\"683\" src=\"https:\/\/otochcolibri.com\/wp-content\/uploads\/2026\/04\/woman-with-her-husband-looking-for-furniture-in-st-2026-03-13-01-55-09-utc-1024x683.jpg\" class=\"attachment-large size-large wp-image-8629\" alt=\"Expo Decosureste\" srcset=\"https:\/\/otochcolibri.com\/wp-content\/uploads\/2026\/04\/woman-with-her-husband-looking-for-furniture-in-st-2026-03-13-01-55-09-utc-1024x683.jpg 1024w, https:\/\/otochcolibri.com\/wp-content\/uploads\/2026\/04\/woman-with-her-husband-looking-for-furniture-in-st-2026-03-13-01-55-09-utc-300x200.jpg 300w, https:\/\/otochcolibri.com\/wp-content\/uploads\/2026\/04\/woman-with-her-husband-looking-for-furniture-in-st-2026-03-13-01-55-09-utc-768x512.jpg 768w, https:\/\/otochcolibri.com\/wp-content\/uploads\/2026\/04\/woman-with-her-husband-looking-for-furniture-in-st-2026-03-13-01-55-09-utc-1536x1024.jpg 1536w, https:\/\/otochcolibri.com\/wp-content\/uploads\/2026\/04\/woman-with-her-husband-looking-for-furniture-in-st-2026-03-13-01-55-09-utc-2048x1365.jpg 2048w, https:\/\/otochcolibri.com\/wp-content\/uploads\/2026\/04\/woman-with-her-husband-looking-for-furniture-in-st-2026-03-13-01-55-09-utc-18x12.jpg 18w\" sizes=\"(max-width: 1024px) 100vw, 1024px\" \/><\/div>\n\t\t<\/a>\n\t\t\t\t<div class=\"elementor-post__text\">\n\t\t\t\t<h6 class=\"elementor-post__title\">\n\t\t\t<a href=\"https:\/\/otochcolibri.com\/en\/hospedaje-merida-expo-decosureste\" >\n\t\t\t\tVienes a Expo Decosureste 2026: tu hospedaje en M\u00e9rida importa m\u00e1s de lo que crees\t\t\t<\/a>\n\t\t<\/h6>\n\t\t\t\t<div class=\"elementor-post__meta-data\">\n\t\t\t\t\t<span class=\"elementor-post-date\">\n\t\t\t20\/04\/2026\t\t<\/span>\n\t\t\t\t<\/div>\n\t\t\t\t<\/div>\n\t\t\t\t<\/article>\n\t\t\t\t<article class=\"elementor-post elementor-grid-item post-8537 post type-post status-publish format-standard has-post-thumbnail hentry category-inversion-inmobiliaria\" role=\"listitem\">\n\t\t\t\t<a class=\"elementor-post__thumbnail__link\" href=\"https:\/\/otochcolibri.com\/en\/hospedaje-merida-concierto-mon-laferte\" tabindex=\"-1\" >\n\t\t\t<div class=\"elementor-post__thumbnail\"><img loading=\"lazy\" decoding=\"async\" width=\"1024\" height=\"768\" src=\"https:\/\/otochcolibri.com\/wp-content\/uploads\/2026\/04\/crowd-of-people-at-an-outdoor-concert-2026-03-24-07-52-07-utc-1024x768.jpg\" class=\"attachment-large size-large wp-image-8620\" alt=\"Mon Laferte\" srcset=\"https:\/\/otochcolibri.com\/wp-content\/uploads\/2026\/04\/crowd-of-people-at-an-outdoor-concert-2026-03-24-07-52-07-utc-1024x768.jpg 1024w, https:\/\/otochcolibri.com\/wp-content\/uploads\/2026\/04\/crowd-of-people-at-an-outdoor-concert-2026-03-24-07-52-07-utc-300x225.jpg 300w, https:\/\/otochcolibri.com\/wp-content\/uploads\/2026\/04\/crowd-of-people-at-an-outdoor-concert-2026-03-24-07-52-07-utc-768x576.jpg 768w, https:\/\/otochcolibri.com\/wp-content\/uploads\/2026\/04\/crowd-of-people-at-an-outdoor-concert-2026-03-24-07-52-07-utc-1536x1152.jpg 1536w, https:\/\/otochcolibri.com\/wp-content\/uploads\/2026\/04\/crowd-of-people-at-an-outdoor-concert-2026-03-24-07-52-07-utc-2048x1536.jpg 2048w, https:\/\/otochcolibri.com\/wp-content\/uploads\/2026\/04\/crowd-of-people-at-an-outdoor-concert-2026-03-24-07-52-07-utc-16x12.jpg 16w\" sizes=\"(max-width: 1024px) 100vw, 1024px\" \/><\/div>\n\t\t<\/a>\n\t\t\t\t<div class=\"elementor-post__text\">\n\t\t\t\t<h6 class=\"elementor-post__title\">\n\t\t\t<a href=\"https:\/\/otochcolibri.com\/en\/hospedaje-merida-concierto-mon-laferte\" >\n\t\t\t\t\u00bfVas al concierto de Mon Laferte en M\u00e9rida? As\u00ed elegir el Airbnb ideal para ir con amigos\t\t\t<\/a>\n\t\t<\/h6>\n\t\t\t\t<div class=\"elementor-post__meta-data\">\n\t\t\t\t\t<span class=\"elementor-post-date\">\n\t\t\t13\/04\/2026\t\t<\/span>\n\t\t\t\t<\/div>\n\t\t\t\t<\/div>\n\t\t\t\t<\/article>\n\t\t\t\t<article class=\"elementor-post elementor-grid-item post-8630 post type-post status-publish format-standard has-post-thumbnail hentry category-inversion-inmobiliaria\" role=\"listitem\">\n\t\t\t\t<a class=\"elementor-post__thumbnail__link\" href=\"https:\/\/otochcolibri.com\/en\/airbnb-merida-beer-fest\" tabindex=\"-1\" >\n\t\t\t<div class=\"elementor-post__thumbnail\"><img loading=\"lazy\" decoding=\"async\" width=\"1024\" height=\"683\" src=\"https:\/\/otochcolibri.com\/wp-content\/uploads\/2026\/04\/happy-multiracial-friends-toasting-beer-glasses-at-2026-01-07-23-55-06-utc-1024x683.jpg\" class=\"attachment-large size-large wp-image-8635\" alt=\"Beer Fest\" srcset=\"https:\/\/otochcolibri.com\/wp-content\/uploads\/2026\/04\/happy-multiracial-friends-toasting-beer-glasses-at-2026-01-07-23-55-06-utc-1024x683.jpg 1024w, https:\/\/otochcolibri.com\/wp-content\/uploads\/2026\/04\/happy-multiracial-friends-toasting-beer-glasses-at-2026-01-07-23-55-06-utc-300x200.jpg 300w, https:\/\/otochcolibri.com\/wp-content\/uploads\/2026\/04\/happy-multiracial-friends-toasting-beer-glasses-at-2026-01-07-23-55-06-utc-768x513.jpg 768w, https:\/\/otochcolibri.com\/wp-content\/uploads\/2026\/04\/happy-multiracial-friends-toasting-beer-glasses-at-2026-01-07-23-55-06-utc-1536x1025.jpg 1536w, https:\/\/otochcolibri.com\/wp-content\/uploads\/2026\/04\/happy-multiracial-friends-toasting-beer-glasses-at-2026-01-07-23-55-06-utc-2048x1367.jpg 2048w, https:\/\/otochcolibri.com\/wp-content\/uploads\/2026\/04\/happy-multiracial-friends-toasting-beer-glasses-at-2026-01-07-23-55-06-utc-18x12.jpg 18w\" sizes=\"(max-width: 1024px) 100vw, 1024px\" \/><\/div>\n\t\t<\/a>\n\t\t\t\t<div class=\"elementor-post__text\">\n\t\t\t\t<h6 class=\"elementor-post__title\">\n\t\t\t<a href=\"https:\/\/otochcolibri.com\/en\/airbnb-merida-beer-fest\" >\n\t\t\t\t\u00bfVas al Beer Fest en M\u00e9rida? As\u00ed elegir el Airbnb ideal para vivirlo con amigos\t\t\t<\/a>\n\t\t<\/h6>\n\t\t\t\t<div class=\"elementor-post__meta-data\">\n\t\t\t\t\t<span class=\"elementor-post-date\">\n\t\t\t07\/04\/2026\t\t<\/span>\n\t\t\t\t<\/div>\n\t\t\t\t<\/div>\n\t\t\t\t<\/article>\n\t\t\t\t<\/div>\n\t\t\n\t\t\t\t\t\t<\/div>\n\t\t\t\t<\/div>\n\t\t\t\t<div class=\"elementor-element elementor-element-e4964a9 elementor-widget__width-auto elementor-widget elementor-widget-heading\" data-id=\"e4964a9\" data-element_type=\"widget\" data-e-type=\"widget\" data-widget_type=\"heading.default\">\n\t\t\t\t<div class=\"elementor-widget-container\">\n\t\t\t\t\t<h6 class=\"elementor-heading-title elementor-size-default\">S\u00edguenos en nuestras redes<\/h6>\t\t\t\t<\/div>\n\t\t\t\t<\/div>\n\t\t\t\t<div class=\"elementor-element elementor-element-f2b2b8a elementor-widget elementor-widget-facebook-page\" data-id=\"f2b2b8a\" data-element_type=\"widget\" data-e-type=\"widget\" data-widget_type=\"facebook-page.default\">\n\t\t\t\t<div class=\"elementor-widget-container\">\n\t\t\t\t\t<div class=\"elementor-facebook-widget fb-page\" data-href=\"https:\/\/www.facebook.com\/profile.php?id=61563304841503\" data-tabs=\"timeline\" data-height=\"500px\" data-width=\"500px\" data-small-header=\"false\" data-hide-cover=\"false\" data-show-facepile=\"true\" data-hide-cta=\"false\" style=\"min-height: 1px;height:500px\"><\/div>\t\t\t\t<\/div>\n\t\t\t\t<\/div>\n\t\t\t\t<\/div>\n\t\t\t\t<\/div>\n\t\t\t\t<\/div>\n\t\t\t\t\t<\/div>\n\t\t\t\t<\/div>\n\t\t\t\t<\/div>\n\t\t","protected":false},"excerpt":{"rendered":"<p>El Grito in M\u00e9rida is celebrated with music, snacks, parades, and culture in plazas, museums, and beaches, creating an atmosphere filled with national pride.<\/p>","protected":false},"author":3,"featured_media":5469,"comment_status":"closed","ping_status":"closed","sticky":false,"template":"elementor_header_footer","format":"standard","meta":{"site-sidebar-layout":"no-sidebar","site-content-layout":"","ast-site-content-layout":"full-width-container","site-content-style":"default","site-sidebar-style":"default","ast-global-header-display":"disabled","ast-banner-title-visibility":"disabled","ast-main-header-display":"","ast-hfb-above-header-display":"","ast-hfb-below-header-display":"","ast-hfb-mobile-header-display":"","site-post-title":"","ast-breadcrumbs-content":"","ast-featured-img":"","footer-sml-layout":"disabled","ast-disable-related-posts":"","theme-transparent-header-meta":"","adv-header-id-meta":"","stick-header-meta":"","header-above-stick-meta":"","header-main-stick-meta":"","header-below-stick-meta":"","astra-migrate-meta-layouts":"default","ast-page-background-enabled":"default","ast-page-background-meta":{"desktop":{"background-color":"var(--ast-global-color-4)","background-image":"","background-repeat":"repeat","background-position":"center center","background-size":"auto","background-attachment":"scroll","background-type":"","background-media":"","overlay-type":"","overlay-color":"","overlay-opacity":"","overlay-gradient":""},"tablet":{"background-color":"","background-image":"","background-repeat":"repeat","background-position":"center center","background-size":"auto","background-attachment":"scroll","background-type":"","background-media":"","overlay-type":"","overlay-color":"","overlay-opacity":"","overlay-gradient":""},"mobile":{"background-color":"","background-image":"","background-repeat":"repeat","background-position":"center center","background-size":"auto","background-attachment":"scroll","background-type":"","background-media":"","overlay-type":"","overlay-color":"","overlay-opacity":"","overlay-gradient":""}},"ast-content-background-meta":{"desktop":{"background-color":"var(--ast-global-color-5)","background-image":"","background-repeat":"repeat","background-position":"center center","background-size":"auto","background-attachment":"scroll","background-type":"","background-media":"","overlay-type":"","overlay-color":"","overlay-opacity":"","overlay-gradient":""},"tablet":{"background-color":"var(--ast-global-color-5)","background-image":"","background-repeat":"repeat","background-position":"center center","background-size":"auto","background-attachment":"scroll","background-type":"","background-media":"","overlay-type":"","overlay-color":"","overlay-opacity":"","overlay-gradient":""},"mobile":{"background-color":"var(--ast-global-color-5)","background-image":"","background-repeat":"repeat","background-position":"center center","background-size":"auto","background-attachment":"scroll","background-type":"","background-media":"","overlay-type":"","overlay-color":"","overlay-opacity":"","overlay-gradient":""}},"footnotes":""},"categories":[19,16],"tags":[],"class_list":["post-5468","post","type-post","status-publish","format-standard","has-post-thumbnail","hentry","category-festividad","category-yucatan"],"yoast_head":"<!-- This site is optimized with the Yoast SEO plugin v27.5 - https:\/\/yoast.com\/product\/yoast-seo-wordpress\/ -->\n<title>Grito de Independencia en M\u00e9rida: Gu\u00eda de Experiencias- Otoch Colibri<\/title>\n<meta name=\"description\" content=\"Vive el Grito de Independencia en M\u00e9rida: m\u00fasica, gastronom\u00eda, cultura y celebraciones \u00fanicas en plazas, teatros y playas de Yucat\u00e1n.\" \/>\n<meta name=\"robots\" content=\"index, follow, max-snippet:-1, max-image-preview:large, max-video-preview:-1\" \/>\n<link rel=\"canonical\" href=\"https:\/\/otochcolibri.com\/en\/grito-independencia-merida\/\" \/>\n<meta property=\"og:locale\" content=\"en_US\" \/>\n<meta property=\"og:type\" content=\"article\" \/>\n<meta property=\"og:title\" content=\"Grito de Independencia en M\u00e9rida: Gu\u00eda de Experiencias- Otoch Colibri\" \/>\n<meta property=\"og:description\" content=\"Vive el Grito de Independencia en M\u00e9rida: m\u00fasica, gastronom\u00eda, cultura y celebraciones \u00fanicas en plazas, teatros y playas de Yucat\u00e1n.\" \/>\n<meta property=\"og:url\" content=\"https:\/\/otochcolibri.com\/en\/grito-independencia-merida\/\" \/>\n<meta property=\"og:site_name\" content=\"Otoch Colibri\" \/>\n<meta property=\"article:publisher\" content=\"https:\/\/www.facebook.com\/profile.php?id=61563304841503\" \/>\n<meta property=\"article:published_time\" content=\"2025-09-08T15:35:24+00:00\" \/>\n<meta property=\"article:modified_time\" content=\"2025-10-01T19:42:21+00:00\" \/>\n<meta property=\"og:image\" content=\"https:\/\/otochcolibri.com\/wp-content\/uploads\/2025\/09\/gente-noche-de-El-Grito-15-de-septiembre-Merida.jpg\" \/>\n\t<meta property=\"og:image:width\" content=\"1160\" \/>\n\t<meta property=\"og:image:height\" content=\"700\" \/>\n\t<meta property=\"og:image:type\" content=\"image\/jpeg\" \/>\n<meta name=\"author\" content=\"Frida Tamara Barriento P\u00e9rez\" \/>\n<meta name=\"twitter:card\" content=\"summary_large_image\" \/>\n<meta name=\"twitter:label1\" content=\"Written by\" \/>\n\t<meta name=\"twitter:data1\" content=\"Frida Tamara Barriento P\u00e9rez\" \/>\n\t<meta name=\"twitter:label2\" content=\"Est. reading time\" \/>\n\t<meta name=\"twitter:data2\" content=\"4 minutes\" \/>\n<script type=\"application\/ld+json\" class=\"yoast-schema-graph\">{\"@context\":\"https:\\\/\\\/schema.org\",\"@graph\":[{\"@type\":[\"Article\",\"BlogPosting\"],\"@id\":\"https:\\\/\\\/otochcolibri.com\\\/grito-independencia-merida#article\",\"isPartOf\":{\"@id\":\"https:\\\/\\\/otochcolibri.com\\\/grito-independencia-merida\"},\"author\":{\"name\":\"Frida Tamara Barriento P\u00e9rez\",\"@id\":\"https:\\\/\\\/otochcolibri.com\\\/#\\\/schema\\\/person\\\/690647b54db44656322bd1c12384b632\"},\"headline\":\"Grito de independencia con sabor local: experiencias imperdibles en M\u00e9rida\",\"datePublished\":\"2025-09-08T15:35:24+00:00\",\"dateModified\":\"2025-10-01T19:42:21+00:00\",\"mainEntityOfPage\":{\"@id\":\"https:\\\/\\\/otochcolibri.com\\\/grito-independencia-merida\"},\"wordCount\":667,\"publisher\":{\"@id\":\"https:\\\/\\\/otochcolibri.com\\\/#organization\"},\"image\":{\"@id\":\"https:\\\/\\\/otochcolibri.com\\\/grito-independencia-merida#primaryimage\"},\"thumbnailUrl\":\"https:\\\/\\\/otochcolibri.com\\\/wp-content\\\/uploads\\\/2025\\\/09\\\/gente-noche-de-El-Grito-15-de-septiembre-Merida.jpg\",\"articleSection\":[\"Festividad\",\"Yucat\u00e1n\"],\"inLanguage\":\"en-US\"},{\"@type\":\"WebPage\",\"@id\":\"https:\\\/\\\/otochcolibri.com\\\/grito-independencia-merida\",\"url\":\"https:\\\/\\\/otochcolibri.com\\\/grito-independencia-merida\",\"name\":\"Grito de Independencia en M\u00e9rida: Gu\u00eda de Experiencias- Otoch Colibri\",\"isPartOf\":{\"@id\":\"https:\\\/\\\/otochcolibri.com\\\/#website\"},\"primaryImageOfPage\":{\"@id\":\"https:\\\/\\\/otochcolibri.com\\\/grito-independencia-merida#primaryimage\"},\"image\":{\"@id\":\"https:\\\/\\\/otochcolibri.com\\\/grito-independencia-merida#primaryimage\"},\"thumbnailUrl\":\"https:\\\/\\\/otochcolibri.com\\\/wp-content\\\/uploads\\\/2025\\\/09\\\/gente-noche-de-El-Grito-15-de-septiembre-Merida.jpg\",\"datePublished\":\"2025-09-08T15:35:24+00:00\",\"dateModified\":\"2025-10-01T19:42:21+00:00\",\"description\":\"Vive el Grito de Independencia en M\u00e9rida: m\u00fasica, gastronom\u00eda, cultura y celebraciones \u00fanicas en plazas, teatros y playas de Yucat\u00e1n.\",\"breadcrumb\":{\"@id\":\"https:\\\/\\\/otochcolibri.com\\\/grito-independencia-merida#breadcrumb\"},\"inLanguage\":\"en-US\",\"potentialAction\":[{\"@type\":\"ReadAction\",\"target\":[\"https:\\\/\\\/otochcolibri.com\\\/grito-independencia-merida\"]}]},{\"@type\":\"ImageObject\",\"inLanguage\":\"en-US\",\"@id\":\"https:\\\/\\\/otochcolibri.com\\\/grito-independencia-merida#primaryimage\",\"url\":\"https:\\\/\\\/otochcolibri.com\\\/wp-content\\\/uploads\\\/2025\\\/09\\\/gente-noche-de-El-Grito-15-de-septiembre-Merida.jpg\",\"contentUrl\":\"https:\\\/\\\/otochcolibri.com\\\/wp-content\\\/uploads\\\/2025\\\/09\\\/gente-noche-de-El-Grito-15-de-septiembre-Merida.jpg\",\"width\":1160,\"height\":700,\"caption\":\"Grito de Independencia en M\u00e9rida\"},{\"@type\":\"BreadcrumbList\",\"@id\":\"https:\\\/\\\/otochcolibri.com\\\/grito-independencia-merida#breadcrumb\",\"itemListElement\":[{\"@type\":\"ListItem\",\"position\":1,\"name\":\"Inicio\",\"item\":\"https:\\\/\\\/otochcolibri.com\\\/\"},{\"@type\":\"ListItem\",\"position\":2,\"name\":\"Grito de independencia con sabor local: experiencias imperdibles en M\u00e9rida\"}]},{\"@type\":\"WebSite\",\"@id\":\"https:\\\/\\\/otochcolibri.com\\\/#website\",\"url\":\"https:\\\/\\\/otochcolibri.com\\\/\",\"name\":\"Otoch Colibri\",\"description\":\"Confianza que inspira, inversiones que prosperan.\",\"publisher\":{\"@id\":\"https:\\\/\\\/otochcolibri.com\\\/#organization\"},\"potentialAction\":[{\"@type\":\"SearchAction\",\"target\":{\"@type\":\"EntryPoint\",\"urlTemplate\":\"https:\\\/\\\/otochcolibri.com\\\/?s={search_term_string}\"},\"query-input\":{\"@type\":\"PropertyValueSpecification\",\"valueRequired\":true,\"valueName\":\"search_term_string\"}}],\"inLanguage\":\"en-US\"},{\"@type\":\"Organization\",\"@id\":\"https:\\\/\\\/otochcolibri.com\\\/#organization\",\"name\":\"Otoch Colibri\",\"url\":\"https:\\\/\\\/otochcolibri.com\\\/\",\"logo\":{\"@type\":\"ImageObject\",\"inLanguage\":\"en-US\",\"@id\":\"https:\\\/\\\/otochcolibri.com\\\/#\\\/schema\\\/logo\\\/image\\\/\",\"url\":\"https:\\\/\\\/otochcolibri.com\\\/wp-content\\\/uploads\\\/2024\\\/09\\\/1.-Logo.png\",\"contentUrl\":\"https:\\\/\\\/otochcolibri.com\\\/wp-content\\\/uploads\\\/2024\\\/09\\\/1.-Logo.png\",\"width\":830,\"height\":697,\"caption\":\"Otoch Colibri\"},\"image\":{\"@id\":\"https:\\\/\\\/otochcolibri.com\\\/#\\\/schema\\\/logo\\\/image\\\/\"},\"sameAs\":[\"https:\\\/\\\/www.facebook.com\\\/profile.php?id=61563304841503\",\"https:\\\/\\\/www.instagram.com\\\/otochcolibri\\\/\"]},{\"@type\":\"Person\",\"@id\":\"https:\\\/\\\/otochcolibri.com\\\/#\\\/schema\\\/person\\\/690647b54db44656322bd1c12384b632\",\"name\":\"Frida Tamara Barriento P\u00e9rez\",\"image\":{\"@type\":\"ImageObject\",\"inLanguage\":\"en-US\",\"@id\":\"https:\\\/\\\/secure.gravatar.com\\\/avatar\\\/7d90be3f861208234eef48a2e4718071ad7ee7f1796c4a743d037b8896443e97?s=96&d=mm&r=g\",\"url\":\"https:\\\/\\\/secure.gravatar.com\\\/avatar\\\/7d90be3f861208234eef48a2e4718071ad7ee7f1796c4a743d037b8896443e97?s=96&d=mm&r=g\",\"contentUrl\":\"https:\\\/\\\/secure.gravatar.com\\\/avatar\\\/7d90be3f861208234eef48a2e4718071ad7ee7f1796c4a743d037b8896443e97?s=96&d=mm&r=g\",\"caption\":\"Frida Tamara Barriento P\u00e9rez\"},\"url\":\"https:\\\/\\\/otochcolibri.com\\\/en\\\/author\\\/diseno\"}]}<\/script>\n<!-- \/ Yoast SEO plugin. -->","yoast_head_json":{"title":"Grito de Independencia en M\u00e9rida: Gu\u00eda de Experiencias- Otoch Colibri","description":"Vive el Grito de Independencia en M\u00e9rida: m\u00fasica, gastronom\u00eda, cultura y celebraciones \u00fanicas en plazas, teatros y playas de Yucat\u00e1n.","robots":{"index":"index","follow":"follow","max-snippet":"max-snippet:-1","max-image-preview":"max-image-preview:large","max-video-preview":"max-video-preview:-1"},"canonical":"https:\/\/otochcolibri.com\/en\/grito-independencia-merida\/","og_locale":"en_US","og_type":"article","og_title":"Grito de Independencia en M\u00e9rida: Gu\u00eda de Experiencias- Otoch Colibri","og_description":"Vive el Grito de Independencia en M\u00e9rida: m\u00fasica, gastronom\u00eda, cultura y celebraciones \u00fanicas en plazas, teatros y playas de Yucat\u00e1n.","og_url":"https:\/\/otochcolibri.com\/en\/grito-independencia-merida\/","og_site_name":"Otoch Colibri","article_publisher":"https:\/\/www.facebook.com\/profile.php?id=61563304841503","article_published_time":"2025-09-08T15:35:24+00:00","article_modified_time":"2025-10-01T19:42:21+00:00","og_image":[{"width":1160,"height":700,"url":"https:\/\/otochcolibri.com\/wp-content\/uploads\/2025\/09\/gente-noche-de-El-Grito-15-de-septiembre-Merida.jpg","type":"image\/jpeg"}],"author":"Frida Tamara Barriento P\u00e9rez","twitter_card":"summary_large_image","twitter_misc":{"Written by":"Frida Tamara Barriento P\u00e9rez","Est. reading time":"4 minutes"},"schema":{"@context":"https:\/\/schema.org","@graph":[{"@type":["Article","BlogPosting"],"@id":"https:\/\/otochcolibri.com\/grito-independencia-merida#article","isPartOf":{"@id":"https:\/\/otochcolibri.com\/grito-independencia-merida"},"author":{"name":"Frida Tamara Barriento P\u00e9rez","@id":"https:\/\/otochcolibri.com\/#\/schema\/person\/690647b54db44656322bd1c12384b632"},"headline":"Grito de independencia con sabor local: experiencias imperdibles en M\u00e9rida","datePublished":"2025-09-08T15:35:24+00:00","dateModified":"2025-10-01T19:42:21+00:00","mainEntityOfPage":{"@id":"https:\/\/otochcolibri.com\/grito-independencia-merida"},"wordCount":667,"publisher":{"@id":"https:\/\/otochcolibri.com\/#organization"},"image":{"@id":"https:\/\/otochcolibri.com\/grito-independencia-merida#primaryimage"},"thumbnailUrl":"https:\/\/otochcolibri.com\/wp-content\/uploads\/2025\/09\/gente-noche-de-El-Grito-15-de-septiembre-Merida.jpg","articleSection":["Festividad","Yucat\u00e1n"],"inLanguage":"en-US"},{"@type":"WebPage","@id":"https:\/\/otochcolibri.com\/grito-independencia-merida","url":"https:\/\/otochcolibri.com\/grito-independencia-merida","name":"Grito de Independencia en M\u00e9rida: Gu\u00eda de Experiencias- Otoch Colibri","isPartOf":{"@id":"https:\/\/otochcolibri.com\/#website"},"primaryImageOfPage":{"@id":"https:\/\/otochcolibri.com\/grito-independencia-merida#primaryimage"},"image":{"@id":"https:\/\/otochcolibri.com\/grito-independencia-merida#primaryimage"},"thumbnailUrl":"https:\/\/otochcolibri.com\/wp-content\/uploads\/2025\/09\/gente-noche-de-El-Grito-15-de-septiembre-Merida.jpg","datePublished":"2025-09-08T15:35:24+00:00","dateModified":"2025-10-01T19:42:21+00:00","description":"Vive el Grito de Independencia en M\u00e9rida: m\u00fasica, gastronom\u00eda, cultura y celebraciones \u00fanicas en plazas, teatros y playas de Yucat\u00e1n.","breadcrumb":{"@id":"https:\/\/otochcolibri.com\/grito-independencia-merida#breadcrumb"},"inLanguage":"en-US","potentialAction":[{"@type":"ReadAction","target":["https:\/\/otochcolibri.com\/grito-independencia-merida"]}]},{"@type":"ImageObject","inLanguage":"en-US","@id":"https:\/\/otochcolibri.com\/grito-independencia-merida#primaryimage","url":"https:\/\/otochcolibri.com\/wp-content\/uploads\/2025\/09\/gente-noche-de-El-Grito-15-de-septiembre-Merida.jpg","contentUrl":"https:\/\/otochcolibri.com\/wp-content\/uploads\/2025\/09\/gente-noche-de-El-Grito-15-de-septiembre-Merida.jpg","width":1160,"height":700,"caption":"Grito de Independencia en M\u00e9rida"},{"@type":"BreadcrumbList","@id":"https:\/\/otochcolibri.com\/grito-independencia-merida#breadcrumb","itemListElement":[{"@type":"ListItem","position":1,"name":"Inicio","item":"https:\/\/otochcolibri.com\/"},{"@type":"ListItem","position":2,"name":"Grito de independencia con sabor local: experiencias imperdibles en M\u00e9rida"}]},{"@type":"WebSite","@id":"https:\/\/otochcolibri.com\/#website","url":"https:\/\/otochcolibri.com\/","name":"Otoch Colibri","description":"Confianza que inspira, inversiones que prosperan.","publisher":{"@id":"https:\/\/otochcolibri.com\/#organization"},"potentialAction":[{"@type":"SearchAction","target":{"@type":"EntryPoint","urlTemplate":"https:\/\/otochcolibri.com\/?s={search_term_string}"},"query-input":{"@type":"PropertyValueSpecification","valueRequired":true,"valueName":"search_term_string"}}],"inLanguage":"en-US"},{"@type":"Organization","@id":"https:\/\/otochcolibri.com\/#organization","name":"Otoch Colibri","url":"https:\/\/otochcolibri.com\/","logo":{"@type":"ImageObject","inLanguage":"en-US","@id":"https:\/\/otochcolibri.com\/#\/schema\/logo\/image\/","url":"https:\/\/otochcolibri.com\/wp-content\/uploads\/2024\/09\/1.-Logo.png","contentUrl":"https:\/\/otochcolibri.com\/wp-content\/uploads\/2024\/09\/1.-Logo.png","width":830,"height":697,"caption":"Otoch Colibri"},"image":{"@id":"https:\/\/otochcolibri.com\/#\/schema\/logo\/image\/"},"sameAs":["https:\/\/www.facebook.com\/profile.php?id=61563304841503","https:\/\/www.instagram.com\/otochcolibri\/"]},{"@type":"Person","@id":"https:\/\/otochcolibri.com\/#\/schema\/person\/690647b54db44656322bd1c12384b632","name":"Frida Tamara Barriento P\u00e9rez","image":{"@type":"ImageObject","inLanguage":"en-US","@id":"https:\/\/secure.gravatar.com\/avatar\/7d90be3f861208234eef48a2e4718071ad7ee7f1796c4a743d037b8896443e97?s=96&d=mm&r=g","url":"https:\/\/secure.gravatar.com\/avatar\/7d90be3f861208234eef48a2e4718071ad7ee7f1796c4a743d037b8896443e97?s=96&d=mm&r=g","contentUrl":"https:\/\/secure.gravatar.com\/avatar\/7d90be3f861208234eef48a2e4718071ad7ee7f1796c4a743d037b8896443e97?s=96&d=mm&r=g","caption":"Frida Tamara Barriento P\u00e9rez"},"url":"https:\/\/otochcolibri.com\/en\/author\/diseno"}]}},"_links":{"self":[{"href":"https:\/\/otochcolibri.com\/en\/wp-json\/wp\/v2\/posts\/5468","targetHints":{"allow":["GET"]}}],"collection":[{"href":"https:\/\/otochcolibri.com\/en\/wp-json\/wp\/v2\/posts"}],"about":[{"href":"https:\/\/otochcolibri.com\/en\/wp-json\/wp\/v2\/types\/post"}],"author":[{"embeddable":true,"href":"https:\/\/otochcolibri.com\/en\/wp-json\/wp\/v2\/users\/3"}],"replies":[{"embeddable":true,"href":"https:\/\/otochcolibri.com\/en\/wp-json\/wp\/v2\/comments?post=5468"}],"version-history":[{"count":7,"href":"https:\/\/otochcolibri.com\/en\/wp-json\/wp\/v2\/posts\/5468\/revisions"}],"predecessor-version":[{"id":5477,"href":"https:\/\/otochcolibri.com\/en\/wp-json\/wp\/v2\/posts\/5468\/revisions\/5477"}],"wp:featuredmedia":[{"embeddable":true,"href":"https:\/\/otochcolibri.com\/en\/wp-json\/wp\/v2\/media\/5469"}],"wp:attachment":[{"href":"https:\/\/otochcolibri.com\/en\/wp-json\/wp\/v2\/media?parent=5468"}],"wp:term":[{"taxonomy":"category","embeddable":true,"href":"https:\/\/otochcolibri.com\/en\/wp-json\/wp\/v2\/categories?post=5468"},{"taxonomy":"post_tag","embeddable":true,"href":"https:\/\/otochcolibri.com\/en\/wp-json\/wp\/v2\/tags?post=5468"}],"curies":[{"name":"wp","href":"https:\/\/api.w.org\/{rel}","templated":true}]}}